{"id":15715,"date":"2014-06-24T22:37:59","date_gmt":"2014-06-24T19:37:59","guid":{"rendered":"http:\/\/balarisi.org\/?p=15715"},"modified":"2015-04-15T23:18:57","modified_gmt":"2015-04-15T20:18:57","slug":"sigir-dili","status":"publish","type":"post","link":"https:\/\/www.beyazkovan.com\/?p=15715","title":{"rendered":"S\u0131\u011f\u0131r Dili"},"content":{"rendered":"<p><a href=\"http:\/\/balarisi.org\/wp-content\/uploads\/2014\/06\/450px-Anchusa_officinalis_16-06-2006_19.44.06.jpg\"><img loading=\"lazy\" decoding=\"async\" class=\"alignnone wp-image-15717 \" src=\"http:\/\/balarisi.org\/wp-content\/uploads\/2014\/06\/450px-Anchusa_officinalis_16-06-2006_19.44.06-e1429103450899.jpg\" alt=\"450px-Anchusa_officinalis_16-06-2006_19.44.06\" width=\"626\" height=\"394\" srcset=\"https:\/\/www.beyazkovan.com\/wp-content\/uploads\/2014\/06\/450px-Anchusa_officinalis_16-06-2006_19.44.06-e1429103450899.jpg 445w, https:\/\/www.beyazkovan.com\/wp-content\/uploads\/2014\/06\/450px-Anchusa_officinalis_16-06-2006_19.44.06-e1429103450899-300x189.jpg 300w\" sizes=\"auto, (max-width: 626px) 100vw, 626px\" \/><\/a><\/p>\n<p>Latince \u0130smi: <span style=\"color: #ff6600;\">Anchusa Officinalis<\/span><br \/>\nYerel \u0130smi: <span style=\"color: #ff6600;\">S\u0131\u011f\u0131rdili<\/span><\/p>\n<p>Bir \u00e7ok Avrupa memleketinde bu familyan\u0131n bir \u00e7ok t\u00fcr\u00fc s\u00fcs bitkisi olarak k\u00fclt\u00fcre al\u0131nm\u0131\u015ft\u0131r. S\u0131\u011f\u0131r dili \u00e7ok y\u0131ll\u0131k bir bitkidir. Boyu 20-150 cm aras\u0131nda olabilir. \u00c7i\u00e7ekleri koyu mavi renkte olup \u00e7ok g\u00fczeldir. \u00c7i\u00e7eklenme d\u00f6nemi Nisandan Temmuza kadar s\u00fcrer. Tarla ve bozk\u0131rlarda bu bitkiye s\u0131k\u00e7a rastlan\u0131r. T\u00fcrkiye&#8217;de Tekirda\u011f, \u0130stanbul, Bursa, Ankara, Samsun, Artvin, Kars, \u00c7anakkale, Yozgat, Elaz\u0131\u011f, Bitlis, A\u011fr\u0131, Mu\u011fla, Antalya, Konya, Adana, Kahramanmara\u015f, Van ve Mardin illerinde do\u011fal olarak bulunur. S\u0131\u011f\u0131r dili bal\u0131, a\u00e7\u0131k sar\u0131 renkte, kristalle\u015fmesi yava\u015f, ho\u015f kokulu ve lezzetlidir. Ar\u0131lar i\u00e7in iyi bir nektar kayna\u011f\u0131d\u0131r.<\/p>\n<figure style=\"width: 240px\" class=\"wp-caption alignnone\"><a title=\"Anchusa officinalis by Matt Lavin, on Flickr\" href=\"https:\/\/farm3.staticflickr.com\/2526\/3704268270_067d233af3_m.jpg\"><img loading=\"lazy\" decoding=\"async\" src=\"https:\/\/farm3.staticflickr.com\/2526\/3704268270_067d233af3_m.jpg\" alt=\"Anchusa officinalis\" width=\"240\" height=\"180\" \/><\/a><figcaption class=\"wp-caption-text\">deneme<\/figcaption><\/figure>\n<p>&nbsp;<\/p>\n","protected":false},"excerpt":{"rendered":"<p>Latince \u0130smi: Anchusa Officinalis Yerel \u0130smi: S\u0131\u011f\u0131rdili Bir \u00e7ok Avrupa memleketinde bu familyan\u0131n bir \u00e7ok t\u00fcr\u00fc s\u00fcs bitkisi olarak k\u00fclt\u00fcre al\u0131nm\u0131\u015ft\u0131r. S\u0131\u011f\u0131r dili \u00e7ok y\u0131ll\u0131k bir bitkidir. Boyu 20-150 cm aras\u0131nda olabilir. \u00c7i\u00e7ekleri koyu mavi renkte olup \u00e7ok g\u00fczeldir. \u00c7i\u00e7eklenme d\u00f6nemi Nisandan Temmuza kadar s\u00fcrer. Tarla ve bozk\u0131rlarda bu bitkiye s\u0131k\u00e7a rastlan\u0131r. T\u00fcrkiye&#8217;de Tekirda\u011f, \u0130stanbul, &hellip;<\/p>\n","protected":false},"author":1,"featured_media":15717,"comment_status":"open","ping_status":"open","sticky":false,"template":"","format":"standard","meta":{"_bbp_topic_count":0,"_bbp_reply_count":0,"_bbp_total_topic_count":0,"_bbp_total_reply_count":0,"_bbp_voice_count":0,"_bbp_anonymous_reply_count":0,"_bbp_topic_count_hidden":0,"_bbp_reply_count_hidden":0,"_bbp_forum_subforum_count":0,"footnotes":""},"categories":[21],"tags":[],"class_list":["post-15715","post","type-post","status-publish","format-standard","has-post-thumbnail","","category-bitkileri-taniyalim"],"_links":{"self":[{"href":"https:\/\/www.beyazkovan.com\/index.php?rest_route=\/wp\/v2\/posts\/15715","targetHints":{"allow":["GET"]}}],"collection":[{"href":"https:\/\/www.beyazkovan.com\/index.php?rest_route=\/wp\/v2\/posts"}],"about":[{"href":"https:\/\/www.beyazkovan.com\/index.php?rest_route=\/wp\/v2\/types\/post"}],"author":[{"embeddable":true,"href":"https:\/\/www.beyazkovan.com\/index.php?rest_route=\/wp\/v2\/users\/1"}],"replies":[{"embeddable":true,"href":"https:\/\/www.beyazkovan.com\/index.php?rest_route=%2Fwp%2Fv2%2Fcomments&post=15715"}],"version-history":[{"count":24,"href":"https:\/\/www.beyazkovan.com\/index.php?rest_route=\/wp\/v2\/posts\/15715\/revisions"}],"predecessor-version":[{"id":18172,"href":"https:\/\/www.beyazkovan.com\/index.php?rest_route=\/wp\/v2\/posts\/15715\/revisions\/18172"}],"wp:featuredmedia":[{"embeddable":true,"href":"https:\/\/www.beyazkovan.com\/index.php?rest_route=\/wp\/v2\/media\/15717"}],"wp:attachment":[{"href":"https:\/\/www.beyazkovan.com\/index.php?rest_route=%2Fwp%2Fv2%2Fmedia&parent=15715"}],"wp:term":[{"taxonomy":"category","embeddable":true,"href":"https:\/\/www.beyazkovan.com\/index.php?rest_route=%2Fwp%2Fv2%2Fcategories&post=15715"},{"taxonomy":"post_tag","embeddable":true,"href":"https:\/\/www.beyazkovan.com\/index.php?rest_route=%2Fwp%2Fv2%2Ftags&post=15715"}],"curies":[{"name":"wp","href":"https:\/\/api.w.org\/{rel}","templated":true}]}}