{"id":15713,"date":"2014-06-24T22:36:48","date_gmt":"2014-06-24T19:36:48","guid":{"rendered":"http:\/\/balarisi.org\/?p=15713"},"modified":"2014-06-24T22:36:48","modified_gmt":"2014-06-24T19:36:48","slug":"karabas-otu","status":"publish","type":"post","link":"https:\/\/www.beyazkovan.com\/?p=15713","title":{"rendered":"Karaba\u015f Otu"},"content":{"rendered":"<p>Ball\u0131babagiller familyas\u0131ndan, \u00e7ok y\u0131ll\u0131k otsu bir bitkidir. Ezildi\u011fi zaman \u00e7ok kuvvetli ve ho\u015f olmayan bir koku \u00e7\u0131kart\u0131r. \u00c7i\u00e7ekleri mavi veya menek\u015fe rengindedir. Bir t\u00fcr\u00fcnden Karaba\u015f Ya\u011f\u0131 denilen bir ya\u011f \u00e7\u0131kart\u0131l\u0131r.<br \/>\nLatince \u0130smi: Lavandula Stoechas<br \/>\nYerel \u0130simleri: Gargan, Kara\u011fan, Kafas\u00fcp\u00fcrgesi, Kargan, Garan, Karan, Kara Kekik, \u00f6fken Otu, Sargan Otu<br \/>\nBall\u0131babagiller familyas\u0131ndan, \u00e7ok y\u0131ll\u0131k otsu bir bitkidir. Ezildi\u011fi zaman \u00e7ok kuvvetli ve ho\u015f olmayan bir koku \u00e7\u0131kart\u0131r. \u00c7i\u00e7ekleri mavi veya menek\u015fe rengindedir. Bir t\u00fcr\u00fcnden Karaba\u015f Ya\u011f\u0131 denilen bir ya\u011f \u00e7\u0131kart\u0131l\u0131r.<br \/>\nBu bitkinin yakla\u015f\u0131k 120 t\u00fcr\u00fc \u00fclkemizde do\u011fal olarak yeti\u015fmektedir. \u00c7ok y\u0131ll\u0131k bir bitkidir. Karaba\u015f otunun boyu 30-100 cm. aras\u0131nda de\u011fi\u015fir.<br \/>\nKaraba\u015f otu \u00e7ok eski d\u00f6nemlerden beri \u00f6nemli \u015fifal\u0131 bitkiler s\u0131n\u0131f\u0131na girer ve bir \u00e7ok hastal\u0131\u011f\u0131n tedavisinde kullan\u0131l\u0131r. Osmanl\u0131 d\u00f6neminde Karaba\u015f otundan elde edilen bal\u0131n da baz\u0131 hastal\u0131klar\u0131n tedavisinde kullan\u0131ld\u0131\u011f\u0131 kay\u0131tlara ge\u00e7mi\u015ftir.<br \/>\n\u00f6zellikle Bursa y\u00f6resine gelen saray g\u00f6revlileri Karaba\u015f Otu d\u0131\u015f\u0131ndaki otlar\u0131 orakla bi\u00e7ermi\u015f ve b\u00f6ylece ar\u0131lar\u0131n saf karaba\u015f otu bal\u0131 toplamas\u0131 sa\u011flanm\u0131\u015f olurmu\u015f.<br \/>\nKaraba\u015f otunun \u00e7i\u00e7eklenme d\u00f6nemi Haziranda ba\u015flar ve Ekime kadar s\u00fcrer. \u00fclkemizde bir\u00e7ok ilde do\u011fal olarak yeti\u015fir. Bu bitki, \u00e7i\u00e7eklenme s\u00fcresinin uzun olmas\u0131 nedeniyle \u00f6nemli ball\u0131 bitkiler listesinde yer almaktad\u0131r. Karaba\u015f otunun bal\u0131 olduk\u00e7a a\u00e7\u0131k sar\u0131 renkli olup k\u0131smen ge\u00e7 kristalle\u015fir. Kristalle\u015fti\u011fi zaman ince gran\u00fcller olu\u015fturur. Bal\u0131n nane kokusuna benzer bir kokusu vard\u0131r. Bir d\u00f6n\u00fcm karaba\u015f otu ekili alandan 10-20 kg aras\u0131nda bal al\u0131nabilir.<\/p>\n","protected":false},"excerpt":{"rendered":"<p>Ball\u0131babagiller familyas\u0131ndan, \u00e7ok y\u0131ll\u0131k otsu bir bitkidir. Ezildi\u011fi zaman \u00e7ok kuvvetli ve ho\u015f olmayan bir koku \u00e7\u0131kart\u0131r. \u00c7i\u00e7ekleri mavi veya menek\u015fe rengindedir. Bir t\u00fcr\u00fcnden Karaba\u015f Ya\u011f\u0131 denilen bir ya\u011f \u00e7\u0131kart\u0131l\u0131r. Latince \u0130smi: Lavandula Stoechas Yerel \u0130simleri: Gargan, Kara\u011fan, Kafas\u00fcp\u00fcrgesi, Kargan, Garan, Karan, Kara Kekik, \u00f6fken Otu, Sargan Otu Ball\u0131babagiller familyas\u0131ndan, \u00e7ok y\u0131ll\u0131k otsu bir bitkidir. &hellip;<\/p>\n","protected":false},"author":1,"featured_media":0,"comment_status":"open","ping_status":"open","sticky":false,"template":"","format":"standard","meta":{"_bbp_topic_count":0,"_bbp_reply_count":0,"_bbp_total_topic_count":0,"_bbp_total_reply_count":0,"_bbp_voice_count":0,"_bbp_anonymous_reply_count":0,"_bbp_topic_count_hidden":0,"_bbp_reply_count_hidden":0,"_bbp_forum_subforum_count":0,"footnotes":""},"categories":[21],"tags":[],"class_list":["post-15713","post","type-post","status-publish","format-standard","","category-bitkileri-taniyalim"],"_links":{"self":[{"href":"https:\/\/www.beyazkovan.com\/index.php?rest_route=\/wp\/v2\/posts\/15713","targetHints":{"allow":["GET"]}}],"collection":[{"href":"https:\/\/www.beyazkovan.com\/index.php?rest_route=\/wp\/v2\/posts"}],"about":[{"href":"https:\/\/www.beyazkovan.com\/index.php?rest_route=\/wp\/v2\/types\/post"}],"author":[{"embeddable":true,"href":"https:\/\/www.beyazkovan.com\/index.php?rest_route=\/wp\/v2\/users\/1"}],"replies":[{"embeddable":true,"href":"https:\/\/www.beyazkovan.com\/index.php?rest_route=%2Fwp%2Fv2%2Fcomments&post=15713"}],"version-history":[{"count":1,"href":"https:\/\/www.beyazkovan.com\/index.php?rest_route=\/wp\/v2\/posts\/15713\/revisions"}],"predecessor-version":[{"id":15714,"href":"https:\/\/www.beyazkovan.com\/index.php?rest_route=\/wp\/v2\/posts\/15713\/revisions\/15714"}],"wp:attachment":[{"href":"https:\/\/www.beyazkovan.com\/index.php?rest_route=%2Fwp%2Fv2%2Fmedia&parent=15713"}],"wp:term":[{"taxonomy":"category","embeddable":true,"href":"https:\/\/www.beyazkovan.com\/index.php?rest_route=%2Fwp%2Fv2%2Fcategories&post=15713"},{"taxonomy":"post_tag","embeddable":true,"href":"https:\/\/www.beyazkovan.com\/index.php?rest_route=%2Fwp%2Fv2%2Ftags&post=15713"}],"curies":[{"name":"wp","href":"https:\/\/api.w.org\/{rel}","templated":true}]}}